{"id":1677,"date":"2023-05-05T12:39:37","date_gmt":"2023-05-05T11:39:37","guid":{"rendered":"https:\/\/iterem.com\/?p=1677"},"modified":"2023-05-05T12:40:52","modified_gmt":"2023-05-05T11:40:52","slug":"lart-dorganitzar-els-processos","status":"publish","type":"post","link":"https:\/\/iterem.com\/ca\/lart-dorganitzar-els-processos\/","title":{"rendered":"L&#8217;art d&#8217;organitzar els teus processos"},"content":{"rendered":"\n<p>Alguna vegada has vist els v\u00eddeos de&nbsp;TikTok&nbsp;de persones organitzant els seus armaris? O has sentit parlar del m\u00e8tode Marie&nbsp;Kondo&nbsp;per a ordenar i classificar les teves pertinences? Pot semblar una tasca senzilla, per\u00f2 en realitat, hi ha molt m\u00e9s darrere d&#8217;una organitzaci\u00f3 eficient de les teves coses. M\u00e9s enll\u00e0 de tenir un armari bonic i ordenat, l&#8217;organitzaci\u00f3 de les teves pertinences pot aportar-te m\u00faltiples beneficis, com trobar el que necessites amb facilitat, estalviar temps en la cerca de peces espec\u00edfiques, augmentar l&#8217;efici\u00e8ncia i productivitat en saber exactament el que tens, on est\u00e0 i fins a reduir l&#8217;estr\u00e8s visual en tenir un espai m\u00e9s net i ordenat en el qual puguis relaxar-te.<\/p>\n\n\n\n<figure class=\"wp-block-image size-full\"><img decoding=\"async\" loading=\"lazy\" width=\"1020\" height=\"996\" src=\"https:\/\/iterem.com\/wp-content\/uploads\/DALL\u00b7E-2023-05-05-13.33.11-1.png\" alt=\"\" class=\"wp-image-1703\" srcset=\"https:\/\/iterem.com\/wp-content\/uploads\/DALL\u00b7E-2023-05-05-13.33.11-1.png 1020w, https:\/\/iterem.com\/wp-content\/uploads\/DALL\u00b7E-2023-05-05-13.33.11-1-300x293.png 300w, https:\/\/iterem.com\/wp-content\/uploads\/DALL\u00b7E-2023-05-05-13.33.11-1-768x750.png 768w\" sizes=\"(max-width: 1020px) 100vw, 1020px\" \/><\/figure>\n\n\n\n<p>Si consideres \u00fatil i valu\u00f3s organitzar el teu armari, imagina com l&#8217;organitzaci\u00f3 dels teus processos empresarials podria beneficiar al teu negoci. Organitzar els teus processos de negoci de la mateixa forma en qu\u00e8 organitzes el teu armari millorar\u00e0 la teva empresa. \u00c9s fonamental una adequada organitzaci\u00f3 i definici\u00f3 dels teus processos per a garantir l&#8217;\u00e8xit de la teva empresa. I l&#8217;arquitectura de processos, l&#8217;automatitzaci\u00f3 i la mineria de processos s\u00f3n eines clau.<br>En&nbsp;iterem, com els serveis d&#8217;organitzaci\u00f3 d&#8217;armaris quan no saps com ni per on comen\u00e7ar, t&#8217;acompanyem en el canvi i millora dels processos de la teva organitzaci\u00f3 de manera cont\u00ednua. Des de la definici\u00f3 de processos fins a la implementaci\u00f3 de solucions automatitzades, perqu\u00e8 el canvi d&#8217;armari definitiu sigui una realitat per a la teva organitzaci\u00f3:<\/p>\n\n\n\n<ul>\n<li>Aix\u00ed com \u00e9s important tenir la roba classificada i ordenada en l&#8217;armari per a trobar r\u00e0pidament el que necessitem i evitar p\u00e8rdues de temps, en&nbsp;iterem&nbsp;ens enfoquem en l&#8217;estandarditzaci\u00f3 i definici\u00f3 de l&#8217;arquitectura dels teus processos, assegurant que estiguin optimitzats i alineats amb els objectius de l&#8217;organitzaci\u00f3.<\/li>\n\n\n\n<li>En el proc\u00e9s de canvi d&#8217;armari, solem trobar roba que ja no utilitzem o que simplement ocupa espai. En les organitzacions tamb\u00e9 existeixen tasques de poc valor que poden ser automatitzades per a alliberar recursos i temps. En&nbsp;iterem, ens encarreguem d&#8217;identificar aquestes tasques i oferir solucions d&#8217;automatitzaci\u00f3 per a aconseguir un treball m\u00e9s eficient.<\/li>\n\n\n\n<li>Igual que en una neteja profunda d&#8217;un armari, la mineria de processos implica una an\u00e0lisi exhaustiva dels processos empresarials per a identificar possibles millores, eliminar processos redundants i augmentar l&#8217;efici\u00e8ncia. \u00c9s com treure totes les peces de l&#8217;armari per a determinar quins ja no s&#8217;usen o no queden b\u00e9 i, d&#8217;aquesta manera, fer espai pel que realment importa.<\/li>\n<\/ul>\n\n\n\n<p>Si els teus processos necessiten ser organitzats, automatitzats o minats, no dubtis a contactar-nos. Junts farem el canvi d&#8217;armari definitiu. No perdis l&#8217;oportunitat de veure els beneficis!<\/p>\n","protected":false},"excerpt":{"rendered":"<p class=\"excerpt\">Alguna vegada has vist els v\u00eddeos de&nbsp;TikTok&nbsp;de persones organitzant els seus armaris? O has sentit parlar del m\u00e8tode Marie&nbsp;Kondo&nbsp;per a ordenar i classificar les teves pertinences? Pot semblar una tasca <\/p>\n","protected":false},"author":2,"featured_media":0,"comment_status":"closed","ping_status":"open","sticky":false,"template":"","format":"standard","meta":[],"categories":[108,107,6,57],"tags":[18,19,54,20,40,50,60,28],"_links":{"self":[{"href":"https:\/\/iterem.com\/ca\/wp-json\/wp\/v2\/posts\/1677"}],"collection":[{"href":"https:\/\/iterem.com\/ca\/wp-json\/wp\/v2\/posts"}],"about":[{"href":"https:\/\/iterem.com\/ca\/wp-json\/wp\/v2\/types\/post"}],"author":[{"embeddable":true,"href":"https:\/\/iterem.com\/ca\/wp-json\/wp\/v2\/users\/2"}],"replies":[{"embeddable":true,"href":"https:\/\/iterem.com\/ca\/wp-json\/wp\/v2\/comments?post=1677"}],"version-history":[{"count":6,"href":"https:\/\/iterem.com\/ca\/wp-json\/wp\/v2\/posts\/1677\/revisions"}],"predecessor-version":[{"id":1711,"href":"https:\/\/iterem.com\/ca\/wp-json\/wp\/v2\/posts\/1677\/revisions\/1711"}],"wp:attachment":[{"href":"https:\/\/iterem.com\/ca\/wp-json\/wp\/v2\/media?parent=1677"}],"wp:term":[{"taxonomy":"category","embeddable":true,"href":"https:\/\/iterem.com\/ca\/wp-json\/wp\/v2\/categories?post=1677"},{"taxonomy":"post_tag","embeddable":true,"href":"https:\/\/iterem.com\/ca\/wp-json\/wp\/v2\/tags?post=1677"}],"curies":[{"name":"wp","href":"https:\/\/api.w.org\/{rel}","templated":true}]}}