{"id":297,"date":"2017-09-01T03:48:21","date_gmt":"2017-09-01T02:48:21","guid":{"rendered":"https:\/\/iterem.com\/?p=297"},"modified":"2017-12-20T19:19:57","modified_gmt":"2017-12-20T17:19:57","slug":"hola-mon-som-iterem","status":"publish","type":"post","link":"https:\/\/iterem.com\/ca\/hola-mon-som-iterem\/","title":{"rendered":"Hola M\u00f3n! Som iterem."},"content":{"rendered":"<h5>Aix\u00ed va comen\u00e7ar tot. Tres persones, una decisi\u00f3 i molta il\u00b7lusi\u00f3 i motivaci\u00f3 per acompanyar a les organitzacions en la seva transformaci\u00f3 digital mitjan\u00e7ant serveis i solucions orientades a la gesti\u00f3 per processos.<\/h5>\n<p><!--more--><\/p>\n<p><b>Tres persones.<\/b> Miriam, N\u00faria i Aysel.<\/p>\n<p><b>Un sopar.<\/b>Xerrades sobre el futur, idees i projectes que convergeixen i una decisi\u00f3: donar comen\u00e7ament a un projecte conjunt. A la sobretaula ja s&#8217;havien definit les primeres passes.<\/p>\n<p><b>Un objectiu<\/b>. Col\u00b7laborar amb les organitzacions davant del repte de la seva <span class=\"mark\">transformaci\u00f3 digital<\/span>. I el m\u00e9s important: orientant-nos a la <span class=\"mark\">gesti\u00f3 per processos<\/span> (<span class=\"mark\">BPM<\/span>), que es la clau per aconseguir-ho.<\/p>\n<p>I aix\u00ed, com a compendi d&#8217;anys d&#8217;experi\u00e8ncia i una il\u00b7lusi\u00f3 comuna, vam iniciar i <span class=\"mark\">som <b>iterem<\/b><\/span>.<\/p>\n<p>I aix\u00f2 \u00e9s nom\u00e9s el comen\u00e7ament. Cada dia ens aporta quelcom nou que fa que la nostra motivaci\u00f3, dedicaci\u00f3 i esfor\u00e7 augmentin.<\/p>\n<p>\u00a1Seguim iterant! \u00bfEns acompanyeu?<\/p>\n","protected":false},"excerpt":{"rendered":"<p class=\"excerpt\">Aix\u00ed va comen\u00e7ar tot. Tres persones, una decisi\u00f3 i molta il\u00b7lusi\u00f3 i motivaci\u00f3 per acompanyar a les organitzacions en la seva transformaci\u00f3 digital mitjan\u00e7ant serveis i solucions orientades a la <\/p>\n","protected":false},"author":3,"featured_media":113,"comment_status":"closed","ping_status":"closed","sticky":false,"template":"","format":"standard","meta":[],"categories":[6],"tags":[19,40,28],"_links":{"self":[{"href":"https:\/\/iterem.com\/ca\/wp-json\/wp\/v2\/posts\/297"}],"collection":[{"href":"https:\/\/iterem.com\/ca\/wp-json\/wp\/v2\/posts"}],"about":[{"href":"https:\/\/iterem.com\/ca\/wp-json\/wp\/v2\/types\/post"}],"author":[{"embeddable":true,"href":"https:\/\/iterem.com\/ca\/wp-json\/wp\/v2\/users\/3"}],"replies":[{"embeddable":true,"href":"https:\/\/iterem.com\/ca\/wp-json\/wp\/v2\/comments?post=297"}],"version-history":[{"count":3,"href":"https:\/\/iterem.com\/ca\/wp-json\/wp\/v2\/posts\/297\/revisions"}],"predecessor-version":[{"id":309,"href":"https:\/\/iterem.com\/ca\/wp-json\/wp\/v2\/posts\/297\/revisions\/309"}],"wp:featuredmedia":[{"embeddable":true,"href":"https:\/\/iterem.com\/ca\/wp-json\/wp\/v2\/media\/113"}],"wp:attachment":[{"href":"https:\/\/iterem.com\/ca\/wp-json\/wp\/v2\/media?parent=297"}],"wp:term":[{"taxonomy":"category","embeddable":true,"href":"https:\/\/iterem.com\/ca\/wp-json\/wp\/v2\/categories?post=297"},{"taxonomy":"post_tag","embeddable":true,"href":"https:\/\/iterem.com\/ca\/wp-json\/wp\/v2\/tags?post=297"}],"curies":[{"name":"wp","href":"https:\/\/api.w.org\/{rel}","templated":true}]}}