{"id":425,"date":"2018-10-03T10:38:57","date_gmt":"2018-10-03T08:38:57","guid":{"rendered":"https:\/\/iterem.com\/?p=425"},"modified":"2021-03-11T13:02:09","modified_gmt":"2021-03-11T12:02:09","slug":"leina-ho-es-tot","status":"publish","type":"post","link":"https:\/\/iterem.com\/ca\/leina-ho-es-tot\/","title":{"rendered":"L&#8217;eina ho \u00e9s tot?"},"content":{"rendered":"<p style=\"margin: 0in; font-family: Calibri; font-size: 11.0pt;\">Penseu per un moment en el vostre dia a dia, en les eines de les que disposeu per a fer la vostre feina.<\/p>\n<p style=\"margin: 0in; font-family: Calibri; font-size: 11.0pt;\">Quants cops us heu plantejat, si tingu\u00e8ssim aquell software o un CRM o un ERP o tot el contrari quants cops heu male\u00eft el excel, software o aplicaci\u00f3 que utilitzeu perqu\u00e8 us complica el dia a dia enlloc de facilitar-vos-el.<\/p>\n<p style=\"margin: 0in; font-family: Calibri; font-size: 11.0pt;\"><!--more--><\/p>\n<p><img decoding=\"async\" loading=\"lazy\" class=\"alignnone size-full wp-image-431\" src=\"https:\/\/iterem.com\/wp-content\/uploads\/ashim-d-silva-106275-unsplash.jpg\" alt=\"Photo by Ashim D\u2019Silva on Unsplash\" width=\"2048\" height=\"2048\" srcset=\"https:\/\/iterem.com\/wp-content\/uploads\/ashim-d-silva-106275-unsplash.jpg 2048w, https:\/\/iterem.com\/wp-content\/uploads\/ashim-d-silva-106275-unsplash-150x150.jpg 150w, https:\/\/iterem.com\/wp-content\/uploads\/ashim-d-silva-106275-unsplash-300x300.jpg 300w, https:\/\/iterem.com\/wp-content\/uploads\/ashim-d-silva-106275-unsplash-768x768.jpg 768w, https:\/\/iterem.com\/wp-content\/uploads\/ashim-d-silva-106275-unsplash-1024x1024.jpg 1024w\" sizes=\"(max-width: 2048px) 100vw, 2048px\" \/><\/p>\n<p style=\"text-align: right; ; font-family: Calibri; font-size: 11.0pt;\">Photo by\u00a0<a href=\"https:\/\/unsplash.com\/photos\/Kw_zQBAChws?utm_source=unsplash&amp;utm_medium=referral&amp;utm_content=creditCopyText\">Ashim D\u2019Silva<\/a>\u00a0on\u00a0<a href=\"https:\/\/unsplash.com\/search\/photos\/process?utm_source=unsplash&amp;utm_medium=referral&amp;utm_content=creditCopyText\">Unsplash<\/a><\/p>\n<p style=\"margin: 0in; font-family: Calibri; font-size: 11.0pt;\"><strong>Cas 1<\/strong>: Equip, departament o empresa que no rutlla. Es decideix invertir en millorar les eines o comprar-ne de noves. Un cop fet el canvi lluny de millorar, els resultats s\u00f3n encara pitjors. Qu\u00e8 ha passat?<\/p>\n<ul style=\"margin-left: .375in; direction: ltr; unicode-bidi: embed; margin-top: 0in; margin-bottom: 0in; font-family: Calibri; font-size: 11.0pt; font-weight: normal; font-style: normal;\" type=\"1\">\n<li style=\"margin-top: 0; margin-bottom: 0; vertical-align: middle;\" value=\"1\"><span style=\"font-family: Calibri; font-size: 11.0pt; font-weight: normal; font-style: normal;\"><strong>Eina incorrecta o innecess\u00e0ria<\/strong>: Es va adquirir en funci\u00f3 de l&#8217;experi\u00e8ncia d&#8217;altres empreses o de les modes del moment.<\/span><\/li>\n<li style=\"margin-top: 0; margin-bottom: 0; vertical-align: middle;\"><span style=\"font-family: Calibri; font-size: 11.0pt;\"><strong>Implementaci\u00f3 incompleta<\/strong>: No s&#8217;ha fet una gesti\u00f3 del canvi a l&#8217;equip, i per tant no coneixen la nova eina ni com usar-la en el seu dia a dia.<\/span><\/li>\n<li style=\"margin-top: 0; margin-bottom: 0; vertical-align: middle;\"><span style=\"font-family: Calibri; font-size: 11.0pt;\"><strong>An\u00e0lisi inexistent o insuficient<\/strong>: No s&#8217;ha fet previ\u00e0ment un an\u00e0lisi del procediment i de les necessitats.<\/span><\/li>\n<\/ul>\n<p>&nbsp;<\/p>\n<p style=\"margin: 0in; font-family: Calibri; font-size: 11pt; text-align: center;\"><em><span class=\"mark\">Nom\u00e9s una inversi\u00f3 en eines no garanteix l&#8217;\u00e8xit.<\/span><\/em><\/p>\n<p>&nbsp;<\/p>\n<p style=\"margin: 0in; font-family: Calibri; font-size: 11.0pt;\"><strong>Cas 2<\/strong>: Equip, departament o empresa que disposa d&#8217;eines per a desenvolupar el seu dia a dia, per\u00f2 tot i aix\u00ed els resultats no s\u00f3n els esperats. On \u00e9s el problema?<\/p>\n<ul style=\"margin-left: .375in; direction: ltr; unicode-bidi: embed; margin-top: 0in; margin-bottom: 0in; font-family: Calibri; font-size: 11.0pt; font-weight: normal; font-style: normal;\" type=\"1\">\n<li style=\"margin-top: 0; margin-bottom: 0; vertical-align: middle;\" value=\"1\"><span style=\"font-family: Calibri; font-size: 11.0pt; font-weight: normal; font-style: normal;\"><strong>S&#8217;usen les eines?<\/strong> No facilita la realitzaci\u00f3 de les tasques com s&#8217;havia previst o no s&#8217;ha fet una correcta formaci\u00f3.<\/span><\/li>\n<li style=\"margin-top: 0; margin-bottom: 0; vertical-align: middle;\"><span style=\"font-family: Calibri; font-size: 11.0pt;\"><strong>L&#8217;equip no utilitza les eines de la mateixa manera<\/strong>: les eines s&#8217;usen per\u00f2 no d&#8217;una manera unificada. <\/span><\/li>\n<li style=\"margin-top: 0; margin-bottom: 0; vertical-align: middle;\"><span style=\"font-family: Calibri; font-size: 11.0pt;\"><strong>Falta d&#8217;informaci\u00f3<\/strong>: l&#8217;equip es centra en la seves tasques, sense con\u00e8ixer quines conseq\u00fc\u00e8ncies tenen les seves accions a la resta d&#8217;equips o departaments.<\/span><\/li>\n<\/ul>\n<p>&nbsp;<\/p>\n<p style=\"margin: 0in; font-family: Calibri; font-size: 11pt; text-align: center;\"><em><span class=\"mark\">Eines sense un procediment no garanteix l&#8217;\u00e8xit.<\/span><\/em><\/p>\n<p>&nbsp;<\/p>\n<p style=\"margin: 0in; font-family: Calibri; font-size: 11.0pt;\"><strong>Cas 3<\/strong>: Equip, departament o empresa que coneix perfectament els seus procediments, per\u00f2 els resultats no s\u00f3n satisfactoris. On \u00e9s el problema?<\/p>\n<ul style=\"margin-left: .375in; direction: ltr; unicode-bidi: embed; margin-top: 0in; margin-bottom: 0in; font-family: Calibri; font-size: 11.0pt; font-weight: normal; font-style: normal;\" type=\"1\">\n<li style=\"margin-top: 0; margin-bottom: 0; vertical-align: middle;\" value=\"1\"><span style=\"font-family: Calibri; font-size: 11.0pt; font-weight: normal; font-style: normal;\"><strong>Eines inexistents o insuficients<\/strong>: per a poder realitzar el seu dia a dia, les eines de les que disposen no cobreixen les seves necessitats.<\/span><\/li>\n<li style=\"margin-top: 0; margin-bottom: 0; vertical-align: middle;\"><span style=\"font-family: Calibri; font-size: 11.0pt;\"><strong>Procediment incorrecte<\/strong>: existeixen colls d&#8217;ampolla? Hi ha tasques que es podrien automatitzar? Hi ha tasques que es podrien fer en paralel? <\/span><\/li>\n<\/ul>\n<p>&nbsp;<\/p>\n<p style=\"margin: 0in; font-family: Calibri; font-size: 11pt; text-align: center;\"><em><span class=\"mark\">Con\u00e8ixer el procediment sense tenir les eines adequades per a executar-lo, alenteix l&#8217;\u00e8xit.<\/span><\/em><\/p>\n","protected":false},"excerpt":{"rendered":"<p class=\"excerpt\">Penseu per un moment en el vostre dia a dia, en les eines de les que disposeu per a fer la vostre feina. Quants cops us heu plantejat, si tingu\u00e8ssim <\/p>\n","protected":false},"author":2,"featured_media":0,"comment_status":"closed","ping_status":"open","sticky":false,"template":"","format":"standard","meta":[],"categories":[6],"tags":[28],"_links":{"self":[{"href":"https:\/\/iterem.com\/ca\/wp-json\/wp\/v2\/posts\/425"}],"collection":[{"href":"https:\/\/iterem.com\/ca\/wp-json\/wp\/v2\/posts"}],"about":[{"href":"https:\/\/iterem.com\/ca\/wp-json\/wp\/v2\/types\/post"}],"author":[{"embeddable":true,"href":"https:\/\/iterem.com\/ca\/wp-json\/wp\/v2\/users\/2"}],"replies":[{"embeddable":true,"href":"https:\/\/iterem.com\/ca\/wp-json\/wp\/v2\/comments?post=425"}],"version-history":[{"count":8,"href":"https:\/\/iterem.com\/ca\/wp-json\/wp\/v2\/posts\/425\/revisions"}],"predecessor-version":[{"id":438,"href":"https:\/\/iterem.com\/ca\/wp-json\/wp\/v2\/posts\/425\/revisions\/438"}],"wp:attachment":[{"href":"https:\/\/iterem.com\/ca\/wp-json\/wp\/v2\/media?parent=425"}],"wp:term":[{"taxonomy":"category","embeddable":true,"href":"https:\/\/iterem.com\/ca\/wp-json\/wp\/v2\/categories?post=425"},{"taxonomy":"post_tag","embeddable":true,"href":"https:\/\/iterem.com\/ca\/wp-json\/wp\/v2\/tags?post=425"}],"curies":[{"name":"wp","href":"https:\/\/api.w.org\/{rel}","templated":true}]}}