{"id":919,"date":"2020-12-07T07:52:45","date_gmt":"2020-12-07T06:52:45","guid":{"rendered":"https:\/\/iterem.com\/?p=919"},"modified":"2021-03-11T13:02:07","modified_gmt":"2021-03-11T12:02:07","slug":"iterem-que-fem-i-com-ho-fem","status":"publish","type":"post","link":"https:\/\/iterem.com\/ca\/iterem-que-fem-i-com-ho-fem\/","title":{"rendered":"iterem, qu\u00e8 fem i com ho fem"},"content":{"rendered":"<p>A <span class=\"mark\"><strong>iterem<\/strong><\/span> creem efici\u00e8ncia operativa impulsant processos a trav\u00e9s de la tecnologia.<\/p>\n<p><!--more--><\/p>\n<p>Som especialistes en serveis i solucions orientades a la gesti\u00f3 de processos (BPM), acompanyem a les organitzacions en la seva transformaci\u00f3 digital a:<\/p>\n<ul>\n<li>aconseguir un nivell de comprensi\u00f3 i transpar\u00e8ncia de les relacions, a nivell de sistemes, prove\u00efdors, clients i distribu\u00efdors,<\/li>\n<li>mesurar el seu rendiment en les dimensions del temps, el cost i la qualitat,<\/li>\n<li>una gesti\u00f3 efectiva per a la millora cont\u00ednua i,<\/li>\n<li>traslladar l&#8217;estrat\u00e8gia cap a una realitat operacional.<\/li>\n<\/ul>\n<p>La nostra f\u00f3rmula per a l&#8217;\u00e8xit \u00e9s:<\/p>\n<p><strong><img decoding=\"async\" loading=\"lazy\" class=\"alignnone size-large wp-image-925\" src=\"https:\/\/iterem.com\/wp-content\/uploads\/formula_cat-1-1024x66.png\" alt=\"\" width=\"1024\" height=\"66\" srcset=\"https:\/\/iterem.com\/wp-content\/uploads\/formula_cat-1-1024x66.png 1024w, https:\/\/iterem.com\/wp-content\/uploads\/formula_cat-1-300x19.png 300w, https:\/\/iterem.com\/wp-content\/uploads\/formula_cat-1-768x49.png 768w\" sizes=\"(max-width: 1024px) 100vw, 1024px\" \/><\/strong><\/p>\n<p><span class=\"mark\"><strong>Persones<\/strong><\/span>: Treballar amb i per a les persones. Per a nosaltres, l&#8217;\u00e8xit d&#8217;un projecte es mesura no nom\u00e9s per la generaci\u00f3 de les entregues necess\u00e0ries, sin\u00f3 tamb\u00e9 per assegurar que al final del projecte, l&#8217;organitzaci\u00f3 est\u00e0 dotada amb les habilitats i compet\u00e8ncies necess\u00e0ries per seguir aplicant accions de millora cont\u00ednua.<\/p>\n<p><span class=\"mark\"><strong>Processos<\/strong><\/span>: Els majors reptes als quals s&#8217;enfronten les organitzacions avui en dia es poden abordar a trav\u00e9s d&#8217;un marc de gesti\u00f3 de processos i aix\u00ed resoldre els problemes que ja tenen en les operacions: colls d&#8217;ampolla, falta d&#8217;estandarditzaci\u00f3, etc.<\/p>\n<p><span class=\"mark\"><strong>Tecnologia<\/strong><\/span>: Integrem les noves tend\u00e8ncies d&#8217;automatitzaci\u00f3 i intercanvi de dades.<\/p>\n<p><span class=\"mark\"><strong>Il\u00b7lusi\u00f3 + motivaci\u00f3 + cooperaci\u00f3<\/strong><\/span>: Treballem per mantenir la qualitat dels nostres serveis i la satisfacci\u00f3 de la nostra clientela sota els valors d&#8217;efici\u00e8ncia, compliment, proximitat, transpar\u00e8ncia, qualitat i agilitat.<\/p>\n<p>I repetim! Per aix\u00f2 ens anomenem iterem.<\/p>\n<hr \/>\n<p><strong>Premi Barcelona a l&#8217;Empresa Innovadora en Conciliaci\u00f3 i Temps 2019<\/strong>, promovem la conciliaci\u00f3 laboral, familiar i social, la igualtat d&#8217;oportunitats, la integraci\u00f3, la formaci\u00f3 cont\u00ednua, el coneixement compartit, el treball en equip i el lideratge.<\/p>\n<p>Cada dia constru\u00efm el que significa formar part d&#8217;<span class=\"mark\"><strong>iterem<\/strong><\/span>.<\/p>\n","protected":false},"excerpt":{"rendered":"<p class=\"excerpt\">A iterem creem efici\u00e8ncia operativa impulsant processos a trav\u00e9s de la tecnologia.<\/p>\n","protected":false},"author":2,"featured_media":0,"comment_status":"closed","ping_status":"closed","sticky":false,"template":"","format":"standard","meta":[],"categories":[6],"tags":[40],"_links":{"self":[{"href":"https:\/\/iterem.com\/ca\/wp-json\/wp\/v2\/posts\/919"}],"collection":[{"href":"https:\/\/iterem.com\/ca\/wp-json\/wp\/v2\/posts"}],"about":[{"href":"https:\/\/iterem.com\/ca\/wp-json\/wp\/v2\/types\/post"}],"author":[{"embeddable":true,"href":"https:\/\/iterem.com\/ca\/wp-json\/wp\/v2\/users\/2"}],"replies":[{"embeddable":true,"href":"https:\/\/iterem.com\/ca\/wp-json\/wp\/v2\/comments?post=919"}],"version-history":[{"count":3,"href":"https:\/\/iterem.com\/ca\/wp-json\/wp\/v2\/posts\/919\/revisions"}],"predecessor-version":[{"id":928,"href":"https:\/\/iterem.com\/ca\/wp-json\/wp\/v2\/posts\/919\/revisions\/928"}],"wp:attachment":[{"href":"https:\/\/iterem.com\/ca\/wp-json\/wp\/v2\/media?parent=919"}],"wp:term":[{"taxonomy":"category","embeddable":true,"href":"https:\/\/iterem.com\/ca\/wp-json\/wp\/v2\/categories?post=919"},{"taxonomy":"post_tag","embeddable":true,"href":"https:\/\/iterem.com\/ca\/wp-json\/wp\/v2\/tags?post=919"}],"curies":[{"name":"wp","href":"https:\/\/api.w.org\/{rel}","templated":true}]}}